{"id":470,"global_id":"www.strak-kiel.de?id=470","global_id_lineage":["www.strak-kiel.de?id=470"],"author":"4","status":"publish","date":"2020-10-02 09:58:58","date_utc":"2020-10-02 09:58:58","modified":"2020-10-02 19:04:21","modified_utc":"2020-10-02 19:04:21","url":"https:\/\/www.strak-kiel.de\/?tribe_events=stammtisch","rest_url":"https:\/\/www.strak-kiel.de\/index.php?rest_route=\/tribe\/events\/v1\/events\/470","title":"Stammtisch","description":"<p>Moin,<\/p>\n<p>nachdem wir unseren letzten Stammtisch absagen mussten, wagen wir einen ersten Versuch dieses Jahr.<br \/>\nAm Do. 8.10.20 ab 19 Uhr im SVK-Kiel (Kiellinie 215 in 24106 Kiel) werden wir den &#8220;Erstis&#8221; \u00fcber den Strak berichten und das F\u00f6rderacer-Team wird in lockerer Ruden ebenso \u00fcber das aktuelle geschehen informieren.<\/p>\n<p>Wir Freuen uns auf\u00a0 euch.<\/p>\n<p>Gut Strak w\u00fcnscht der Vorstand.<\/p>\n<a href=\"https:\/\/www.strak-kiel.de\/wp-content\/uploads\/2020\/10\/Strakmitteilung-04-2020.pdf\" class=\"pdfemb-viewer\" style=\"\" data-width=\"max\" data-height=\"max\" data-toolbar=\"bottom\" data-toolbar-fixed=\"off\">Strakmitteilung 04 2020<\/a>","excerpt":"","slug":"stammtisch","image":false,"all_day":false,"start_date":"2020-10-08 19:00:00","start_date_details":{"year":"2020","month":"10","day":"08","hour":"19","minutes":"00","seconds":"00"},"end_date":"2020-10-08 21:00:00","end_date_details":{"year":"2020","month":"10","day":"08","hour":"21","minutes":"00","seconds":"00"},"utc_start_date":"2020-10-08 19:00:00","utc_start_date_details":{"year":"2020","month":"10","day":"08","hour":"19","minutes":"00","seconds":"00"},"utc_end_date":"2020-10-08 21:00:00","utc_end_date_details":{"year":"2020","month":"10","day":"08","hour":"21","minutes":"00","seconds":"00"},"timezone":"UTC+0","timezone_abbr":"UTC+0","cost":"","cost_details":{"currency_symbol":"","currency_code":"","currency_position":"prefix","values":[]},"website":"","show_map":true,"show_map_link":true,"hide_from_listings":false,"sticky":false,"featured":false,"categories":[],"tags":[{"name":"F\u00f6rderacer","slug":"foerderacer","term_group":0,"term_taxonomy_id":19,"taxonomy":"post_tag","description":"","parent":0,"count":1,"filter":"raw","id":19,"urls":{"self":"https:\/\/www.strak-kiel.de\/index.php?rest_route=\/tribe\/events\/v1\/tags\/19","collection":"https:\/\/www.strak-kiel.de\/index.php?rest_route=\/tribe\/events\/v1\/tags"}},{"name":"Stammtisch","slug":"stammtisch","term_group":0,"term_taxonomy_id":17,"taxonomy":"post_tag","description":"","parent":0,"count":1,"filter":"raw","id":17,"urls":{"self":"https:\/\/www.strak-kiel.de\/index.php?rest_route=\/tribe\/events\/v1\/tags\/17","collection":"https:\/\/www.strak-kiel.de\/index.php?rest_route=\/tribe\/events\/v1\/tags"}},{"name":"Vortrag","slug":"vortrag","term_group":0,"term_taxonomy_id":18,"taxonomy":"post_tag","description":"","parent":0,"count":1,"filter":"raw","id":18,"urls":{"self":"https:\/\/www.strak-kiel.de\/index.php?rest_route=\/tribe\/events\/v1\/tags\/18","collection":"https:\/\/www.strak-kiel.de\/index.php?rest_route=\/tribe\/events\/v1\/tags"}}],"venue":[],"organizer":[{"id":210,"author":"1","status":"publish","date":"2018-11-03 17:40:10","date_utc":"2018-11-03 17:40:10","modified":"2018-11-03 17:40:10","modified_utc":"2018-11-03 17:40:10","url":"https:\/\/www.strak-kiel.de\/?tribe_organizer=familie-strak","organizer":"Familie Strak","slug":"familie-strak","website":"www.strak-kiel.de","json_ld":{"@type":"Person","name":"Familie Strak","description":"","url":"http:\/\/www.strak-kiel.de","telephone":"","email":"","sameAs":"http:\/\/www.strak-kiel.de"},"global_id":"www.strak-kiel.de?id=210","global_id_lineage":["www.strak-kiel.de?id=210"]}],"custom_fields":[],"json_ld":{"@context":"http:\/\/schema.org","@type":"Event","name":"Stammtisch","description":"&lt;p&gt;Moin, nachdem wir unseren letzten Stammtisch absagen mussten, wagen wir einen ersten Versuch dieses Jahr. Am Do. 8.10.20 ab 19 Uhr im SVK-Kiel (Kiellinie 215 in 24106 Kiel) werden wir den &quot;Erstis&quot; \u00fcber den Strak berichten und das F\u00f6rderacer-Team wird in lockerer Ruden ebenso \u00fcber das aktuelle geschehen informieren. Wir [&hellip;]&lt;\/p&gt;\\n","url":"https:\/\/www.strak-kiel.de\/?tribe_events=stammtisch","eventAttendanceMode":"https:\/\/schema.org\/OfflineEventAttendanceMode","eventStatus":"https:\/\/schema.org\/EventScheduled","startDate":"2020-10-08T19:00:00+00:00","endDate":"2020-10-08T21:00:00+00:00","organizer":{"@type":"Person","name":"Familie Strak","description":"","url":"http:\/\/www.strak-kiel.de","telephone":"","email":"","sameAs":"http:\/\/www.strak-kiel.de"},"performer":"Organization"}}