{"id":527,"date":"2021-11-22T14:13:35","date_gmt":"2021-11-22T14:13:35","guid":{"rendered":"http:\/\/www.strak-kiel.de\/?p=527"},"modified":"2021-11-22T14:13:37","modified_gmt":"2021-11-22T14:13:37","slug":"strakmitteilung-02-2021","status":"publish","type":"post","link":"https:\/\/www.strak-kiel.de\/?p=527","title":{"rendered":"Strakmitteilung 02\/2021"},"content":{"rendered":"\n<p>wir laden euch herzlich am 20.11.21 zur diesj\u00e4hrigen Jahreshauptversammlung mit anschlie\u00dfendem Gr\u00fcnkohlessen ein (s. Seite 2).<\/p>\n\n\n\n<h3 class=\"wp-block-heading\">SCHIFFBAU \u2013 WEIHNACHTSFEIER<\/h3>\n\n\n\n<p><strong>Wann? <\/strong>04.12.21<br><strong>Wo?<\/strong> Johann-Meyer-Str. 19 | 24114 Kiel<br><strong>Was?<\/strong> Ihr d\u00fcrft euch freuen auf: viel Bier und Gl\u00fchwein, ein kleines Buffet, das Krippenspiel der Erstis, den (Master-)Chorgesang und weitere kleine Reden<br><strong>Wie? 3G-Regelung<\/strong>;Eintritt 10,- \u20ac inkl. Getr\u00e4nke und Essen<br><\/p>\n\n\n\n<h3 class=\"wp-block-heading\">Neue Beachflag<\/h3>\n\n\n\n<p>Unsere neue Strak Beachflag wurde bei der Kennlernfahrt mit den Erstis eingeweiht. W\u00e4hrend der F\u00e4hrfahrt mit der \u201eGAARDEN\u201c durfte nicht nur die Br\u00fccke besichtigt werden, sondern wurde auch der gesamte Maschinenbereich von der Ruderanlage \u00fcber den sehr warmen Generatoren-Raum bis hin zum gut klimatisierten Batterieraum gezeigt. Nach der Fahrt von Reventlou nach Laboe und zur\u00fcck ging es zum SVK, wo wir den Abend in entspannter Runde ausklingen lassen haben.<\/p>\n\n\n\n<p>Bei den folgenden Veranstaltungen wird uns die neue Beachflag ein treuer Begleiter sein.<\/p>\n\n\n\n<figure class=\"wp-block-image size-large\"><img loading=\"lazy\" decoding=\"async\" width=\"880\" height=\"694\" src=\"https:\/\/www.strak-kiel.de\/wp-content\/uploads\/2021\/11\/beachFlag.png\" alt=\"\" class=\"wp-image-528\" srcset=\"https:\/\/www.strak-kiel.de\/wp-content\/uploads\/2021\/11\/beachFlag.png 880w, https:\/\/www.strak-kiel.de\/wp-content\/uploads\/2021\/11\/beachFlag-300x237.png 300w, https:\/\/www.strak-kiel.de\/wp-content\/uploads\/2021\/11\/beachFlag-768x606.png 768w\" sizes=\"auto, (max-width: 880px) 100vw, 880px\" \/><\/figure>\n\n\n\n<p><br>F\u00fcr die Studierenden wird am 25.11. eine Exkursion zur \u201eWehrtechnischen Dienststelle f\u00fcr Schiffe und Marinewaffen, Maritime Technologie und Forschung\u201c (WTD 71) durchgef\u00fchrt.<\/p>\n\n\n\n<p>&#8220;Gut Strak&#8221; w\u00fcnscht euch der Vorstand<\/p>\n\n\n\n<h2 class=\"wp-block-heading\"><strong>Programm der Jahreshauptversammlung<\/strong> <strong>Samstag, den 20.11.2021<\/strong><\/h2>\n\n\n\n<p><strong>17:00<\/strong> <strong>Uhr<\/strong> <br>Restaurant Seglervereinigung Kiel (Kiellinie 215, 24106 Kiel)<\/p>\n\n\n\n<p class=\"has-text-align-left\"><strong> Mitgliederversammlung<\/strong><\/p>\n\n\n\n<p>Tagesordnung<\/p>\n\n\n\n<ul class=\"wp-block-list\"><li>&nbsp;Bericht des Vorstandes<\/li><li>&nbsp;Bericht des Kassenwartes und der Revisoren<\/li><li>&nbsp;Verschiedenes<\/li><li>&nbsp;Vorstandswahlen:<\/li><\/ul>\n\n\n\n<p>&nbsp;&nbsp;&nbsp;&nbsp;&nbsp;&nbsp;&nbsp;&nbsp;&nbsp;&nbsp;a) Wahl des Strakvaters\/der Strakmutter (1. Vorsitz)<\/p>\n\n\n\n<p>&nbsp;&nbsp;&nbsp;&nbsp;&nbsp;&nbsp;&nbsp;&nbsp;&nbsp; b) Wahl des studentischen Vertreters (2. Vorsitz)<\/p>\n\n\n\n<p>&nbsp;&nbsp;&nbsp;&nbsp;&nbsp;&nbsp;&nbsp;&nbsp;&nbsp; c) Wahl des Kassenwarts<\/p>\n\n\n\n<p>&nbsp;&nbsp;&nbsp;&nbsp;&nbsp;&nbsp;&nbsp;&nbsp;&nbsp; d) Wahl des Schriftf\u00fchrers<\/p>\n\n\n\n<p>&nbsp;&nbsp;&nbsp;&nbsp;&nbsp;&nbsp;&nbsp;&nbsp;&nbsp; e) Wahl der Revisoren<\/p>\n\n\n\n<p><strong>18:30 Uhr<\/strong> &nbsp;&nbsp;&nbsp;&nbsp;&nbsp;&nbsp;&nbsp;&nbsp;&nbsp;&nbsp;&nbsp;&nbsp; <\/p>\n\n\n\n<p><strong>Gr\u00fcnkohlessen<\/strong> im Restaurant Seglervereinigung Kiel<strong>&nbsp;&nbsp;&nbsp;&nbsp;&nbsp;&nbsp;&nbsp;&nbsp;&nbsp;&nbsp;<\/strong><\/p>\n\n\n\n<p><strong>&nbsp;&nbsp;&nbsp;&nbsp;&nbsp;&nbsp;&nbsp;&nbsp;&nbsp; &nbsp;&nbsp;&nbsp;&nbsp;&nbsp;&nbsp;&nbsp;&nbsp;&nbsp;&nbsp;&nbsp;&nbsp;&nbsp;&nbsp;&nbsp;&nbsp;&nbsp;&nbsp;&nbsp;&nbsp; Gr\u00fcnkohl satt f\u00fcr 17,00 \u20ac<\/strong><\/p>\n\n\n\n<p><strong>&nbsp;&nbsp;&nbsp;&nbsp;&nbsp;&nbsp;&nbsp;&nbsp;&nbsp; &nbsp;&nbsp;&nbsp;&nbsp;&nbsp;&nbsp;&nbsp;&nbsp;&nbsp;&nbsp;&nbsp;&nbsp;&nbsp;&nbsp;&nbsp;&nbsp;&nbsp;&nbsp;&nbsp;&nbsp; vegetarische Varianten nach Karte<\/strong><\/p>\n\n\n\n<p>Wie in jedem Jahr laden wir die Studierenden zum Essen ein und spendieren das erste gro\u00dfe Getr\u00e4nk.<\/p>\n\n\n\n<p><strong>Die Jahreshauptversammlung und das Gr\u00fcnkohlessen werden unter der 3G-Regelung stattfinden.<\/strong><\/p>\n\n\n\n<p>F\u00fcr die Veranstaltung bitten wir um Anmeldung bis zum 18.11.2021 unter info@strak-kiel.de oder 0431\/ 53 400399 (Thorsten Gaebler).<br>Bei der Anmeldung bitte die Personenzahl angeben. Sollte eine vegetarische Alternative gew\u00fcnscht werden, dies bitte ebenfalls angeben.<\/p>\n","protected":false},"excerpt":{"rendered":"<p>wir laden euch herzlich am 20.11.21 zur diesj\u00e4hrigen Jahreshauptversammlung mit anschlie\u00dfendem Gr\u00fcnkohlessen ein (s. Seite 2). SCHIFFBAU \u2013 WEIHNACHTSFEIER Wann? 04.12.21Wo? Johann-Meyer-Str. 19 | 24114 KielWas? Ihr d\u00fcrft euch freuen auf: viel Bier und Gl\u00fchwein, ein kleines Buffet, das Krippenspiel der Erstis, den (Master-)Chorgesang und weitere kleine RedenWie? 3G-Regelung;Eintritt 10,- [&hellip;]<\/p>\n","protected":false},"author":1,"featured_media":0,"comment_status":"closed","ping_status":"closed","sticky":false,"template":"","format":"standard","meta":{"footnotes":""},"categories":[4],"tags":[],"class_list":["post-527","post","type-post","status-publish","format-standard","hentry","category-strakmitteilung"],"_links":{"self":[{"href":"https:\/\/www.strak-kiel.de\/index.php?rest_route=\/wp\/v2\/posts\/527","targetHints":{"allow":["GET"]}}],"collection":[{"href":"https:\/\/www.strak-kiel.de\/index.php?rest_route=\/wp\/v2\/posts"}],"about":[{"href":"https:\/\/www.strak-kiel.de\/index.php?rest_route=\/wp\/v2\/types\/post"}],"author":[{"embeddable":true,"href":"https:\/\/www.strak-kiel.de\/index.php?rest_route=\/wp\/v2\/users\/1"}],"replies":[{"embeddable":true,"href":"https:\/\/www.strak-kiel.de\/index.php?rest_route=%2Fwp%2Fv2%2Fcomments&post=527"}],"version-history":[{"count":2,"href":"https:\/\/www.strak-kiel.de\/index.php?rest_route=\/wp\/v2\/posts\/527\/revisions"}],"predecessor-version":[{"id":530,"href":"https:\/\/www.strak-kiel.de\/index.php?rest_route=\/wp\/v2\/posts\/527\/revisions\/530"}],"wp:attachment":[{"href":"https:\/\/www.strak-kiel.de\/index.php?rest_route=%2Fwp%2Fv2%2Fmedia&parent=527"}],"wp:term":[{"taxonomy":"category","embeddable":true,"href":"https:\/\/www.strak-kiel.de\/index.php?rest_route=%2Fwp%2Fv2%2Fcategories&post=527"},{"taxonomy":"post_tag","embeddable":true,"href":"https:\/\/www.strak-kiel.de\/index.php?rest_route=%2Fwp%2Fv2%2Ftags&post=527"}],"curies":[{"name":"wp","href":"https:\/\/api.w.org\/{rel}","templated":true}]}}