{"id":556,"date":"2022-09-18T18:07:14","date_gmt":"2022-09-18T18:07:14","guid":{"rendered":"https:\/\/www.strak-kiel.de\/?p=556"},"modified":"2024-11-24T12:56:38","modified_gmt":"2024-11-24T12:56:38","slug":"strakmitteilung-02-2022","status":"publish","type":"post","link":"https:\/\/www.strak-kiel.de\/?p=556","title":{"rendered":"Strakmitteilung 02\/2022"},"content":{"rendered":"\n<p>Liebe Strakerinnen und Straker,&nbsp;&nbsp;<\/p>\n\n\n\n<p>gleich zu Beginn laden wir euch herzlich zu unserem ersten Stammtisch mit dem Thema \u201e<strong>Standortinvestition bei tkMS<\/strong>\u201c am 29.09.2022 ab 19:00 in den \u201eBunker D\u201c an der FH ein. Als Referenten konnten wir diesmal Herrn <strong>Thomas Belmann <\/strong>von der tkMS gewinnen. <br>Veranstaltungsort: \u201eBunker-D\u201c || Schwentinestr. 11 || 24149 Kiel-Dietrichsdorf<\/p>\n\n\n\n<figure class=\"wp-block-image size-full is-resized\"><img loading=\"lazy\" decoding=\"async\" src=\"https:\/\/www.strak-kiel.de\/wp-content\/uploads\/2022\/09\/image.png\" alt=\"\" class=\"wp-image-557\" width=\"839\" height=\"213\" srcset=\"https:\/\/www.strak-kiel.de\/wp-content\/uploads\/2022\/09\/image.png 626w, https:\/\/www.strak-kiel.de\/wp-content\/uploads\/2022\/09\/image-300x76.png 300w\" sizes=\"auto, (max-width: 839px) 100vw, 839px\" \/><\/figure>\n\n\n\n<p>Unser Sommerfest Anfang Juli im SVK war mit gro\u00dfer Beteiligung sehr erfolgreich.&nbsp;&nbsp;<\/p>\n\n\n\n<p>Prof. Kai Graf wurde geb\u00fcrtig verabschiedet. Er wird weiterhin seinen Forschungst\u00e4tigkeiten an der FH folgen. Seine L\u00fccke wird nun Prof. Dr.-Ing. J\u00f6rn Kr\u00f6ger f\u00fcllen.\u00a0<\/p>\n\n\n\n<p>Als neuen Professor haben wir Herrn Prof. Hendrik Dankowski begr\u00fc\u00dft. Er \u00fcbernimmt die Bereiche von Herrn Prof. Meyer Bohe.&nbsp;&nbsp;<\/p>\n\n\n\n<p>Beim Sommerfest wurden auch die neuen Schiffbauerpullover vorgestellt.\u00a0<\/p>\n\n\n\n<div class=\"wp-block-columns is-layout-flex wp-container-core-columns-is-layout-28f84493 wp-block-columns-is-layout-flex\">\n<div class=\"wp-block-column is-layout-flow wp-block-column-is-layout-flow\">\n<figure class=\"wp-block-image size-full is-resized\"><img loading=\"lazy\" decoding=\"async\" src=\"https:\/\/www.strak-kiel.de\/wp-content\/uploads\/2022\/09\/image-5.png\" alt=\"\" class=\"wp-image-562\" width=\"418\" height=\"305\" srcset=\"https:\/\/www.strak-kiel.de\/wp-content\/uploads\/2022\/09\/image-5.png 345w, https:\/\/www.strak-kiel.de\/wp-content\/uploads\/2022\/09\/image-5-300x219.png 300w\" sizes=\"auto, (max-width: 418px) 100vw, 418px\" \/><\/figure>\n<\/div>\n\n\n\n<div class=\"wp-block-column is-layout-flow wp-block-column-is-layout-flow\">\n<figure class=\"wp-block-image size-full is-resized\"><img loading=\"lazy\" decoding=\"async\" src=\"https:\/\/www.strak-kiel.de\/wp-content\/uploads\/2022\/09\/image-7.png\" alt=\"\" class=\"wp-image-564\" width=\"336\" height=\"308\"\/><\/figure>\n<\/div>\n<\/div>\n\n\n\n<p>Wir freuen uns auf auch am 29.09. beim Stammtisch.<br>&#8220;Gut Strak&#8221; w\u00fcnscht euch der Vorstand<\/p>\n\n\n\n<figure class=\"wp-block-image size-full is-resized\"><img loading=\"lazy\" decoding=\"async\" src=\"https:\/\/www.strak-kiel.de\/wp-content\/uploads\/2022\/09\/image-8.png\" alt=\"\" class=\"wp-image-565\" width=\"554\" height=\"94\" srcset=\"https:\/\/www.strak-kiel.de\/wp-content\/uploads\/2022\/09\/image-8.png 937w, https:\/\/www.strak-kiel.de\/wp-content\/uploads\/2022\/09\/image-8-300x51.png 300w, https:\/\/www.strak-kiel.de\/wp-content\/uploads\/2022\/09\/image-8-768x131.png 768w\" sizes=\"auto, (max-width: 554px) 100vw, 554px\" \/><\/figure>\n","protected":false},"excerpt":{"rendered":"<p>Liebe Strakerinnen und Straker,&nbsp;&nbsp; gleich zu Beginn laden wir euch herzlich zu unserem ersten Stammtisch mit dem Thema \u201eStandortinvestition bei tkMS\u201c am 29.09.2022 ab 19:00 in den \u201eBunker D\u201c an der FH ein. Als Referenten konnten wir diesmal Herrn Thomas Belmann von der tkMS gewinnen. Veranstaltungsort: \u201eBunker-D\u201c || Schwentinestr. 11 [&hellip;]<\/p>\n","protected":false},"author":1,"featured_media":147,"comment_status":"open","ping_status":"open","sticky":false,"template":"","format":"standard","meta":{"footnotes":""},"categories":[4],"tags":[],"class_list":["post-556","post","type-post","status-publish","format-standard","has-post-thumbnail","hentry","category-strakmitteilung"],"_links":{"self":[{"href":"https:\/\/www.strak-kiel.de\/index.php?rest_route=\/wp\/v2\/posts\/556","targetHints":{"allow":["GET"]}}],"collection":[{"href":"https:\/\/www.strak-kiel.de\/index.php?rest_route=\/wp\/v2\/posts"}],"about":[{"href":"https:\/\/www.strak-kiel.de\/index.php?rest_route=\/wp\/v2\/types\/post"}],"author":[{"embeddable":true,"href":"https:\/\/www.strak-kiel.de\/index.php?rest_route=\/wp\/v2\/users\/1"}],"replies":[{"embeddable":true,"href":"https:\/\/www.strak-kiel.de\/index.php?rest_route=%2Fwp%2Fv2%2Fcomments&post=556"}],"version-history":[{"count":3,"href":"https:\/\/www.strak-kiel.de\/index.php?rest_route=\/wp\/v2\/posts\/556\/revisions"}],"predecessor-version":[{"id":571,"href":"https:\/\/www.strak-kiel.de\/index.php?rest_route=\/wp\/v2\/posts\/556\/revisions\/571"}],"wp:featuredmedia":[{"embeddable":true,"href":"https:\/\/www.strak-kiel.de\/index.php?rest_route=\/wp\/v2\/media\/147"}],"wp:attachment":[{"href":"https:\/\/www.strak-kiel.de\/index.php?rest_route=%2Fwp%2Fv2%2Fmedia&parent=556"}],"wp:term":[{"taxonomy":"category","embeddable":true,"href":"https:\/\/www.strak-kiel.de\/index.php?rest_route=%2Fwp%2Fv2%2Fcategories&post=556"},{"taxonomy":"post_tag","embeddable":true,"href":"https:\/\/www.strak-kiel.de\/index.php?rest_route=%2Fwp%2Fv2%2Ftags&post=556"}],"curies":[{"name":"wp","href":"https:\/\/api.w.org\/{rel}","templated":true}]}}