{"id":614,"date":"2023-03-15T12:02:09","date_gmt":"2023-03-15T12:02:09","guid":{"rendered":"https:\/\/www.strak-kiel.de\/?p=614"},"modified":"2024-11-24T12:56:13","modified_gmt":"2024-11-24T12:56:13","slug":"strakmitteilung-01-2023","status":"publish","type":"post","link":"https:\/\/www.strak-kiel.de\/?p=614","title":{"rendered":"STRAKMITTEILUNG 01\/2023"},"content":{"rendered":"\n<p>Moin Strakerinnen und Straker,<\/p>\n\n\n\n<p>wir hoffen, ihr seid alle gut in das Jahr 2023 gestartet. Das Jahr 2023 ist f\u00fcr uns nicht nur das Jahr, in dem wir stolz auf unsere 120-j\u00e4hrige Geschichte zur\u00fcckblicken k\u00f6nnen, sondern auch auf ein Gro\u00dfevent, was zuletzt 1982 in Kiel stattgefunden hat: Die XLII. Internationale Waterbike Regatta (IWR) kommt zu uns an die Kieler F\u00f6rde.<\/p>\n\n\n\n<p>Nun aber der Reihe nach:<\/p>\n\n\n\n<p>Im Anhang findet ihr &#8211; wie gewohnt &#8211; das Protokoll der Jahreshauptversammlung 2022.<\/p>\n\n\n\n<h3 class=\"wp-block-heading\"><strong>Personelle \u00c4nderungen in der Crew des Vorstandes<\/strong><\/h3>\n\n\n\n<p>Als neu gew\u00e4hlten 2. Vorsitzenden begr\u00fc\u00dfen wir Jan Doye, der die Nachfolge von Justus Knecht antreten darf. Wir bedanken uns bei Justus f\u00fcr sein au\u00dferordentlich hohes Engagement und w\u00fcnschen ihm f\u00fcr seinen weiteren Werdegang alles Gute.<\/p>\n\n\n\n<p>Lucas Hummel l\u00f6st Olliver Willuweit als neuen Schriftwart ab, welcher nun den Posten des F\u00f6rderacer Kassenwartes \u00fcbernimmt.<\/p>\n\n\n\n<h3 class=\"wp-block-heading\"><strong>\u201eFamilie Strak\u201c goes Xing<\/strong><\/h3>\n\n\n\n<p><br>Die Familie Strak ist nun als \u201eUnternehmen\u201c bei Xing zu finden. Somit k\u00f6nnen sich Studierende, aber auch die Ehemaligen, \u00fcber das Studium hinaus leichter miteinander vernetzen.<\/p>\n\n\n\n<h3 class=\"wp-block-heading\"><strong>International Waterbike Regatta (IWR) in Kiel vom 24-28.05.2023<\/strong><\/h3>\n\n\n\n<p>Ende Mai werden wir ca. 400 Studierende bei der IWR in Kiel begr\u00fc\u00dfen k\u00f6nnen. Die Vorbereitungen laufen auf Hochtouren. Mehr Infos unter <a href=\"www.iwr2023.de\">www.iwr2023.de<\/a><\/p>\n\n\n\n<p>Auch in diesem Jahr freuen wir uns \u00fcber einen regen Austausch mit euch und bieten verschiedene Veranstaltungen f\u00fcr Studierende und Ehemalige an. Bitte merkt euch die Termine schon einmal vor:&nbsp;&nbsp;&nbsp;<\/p>\n\n\n\n<ul class=\"wp-block-list\">\n<li><strong>23.03.23 Stammtisch im Bunker-D (Schwentinestra\u00dfe 11, 24149 Kiel)<br>Thema: Normen &amp; Standards im Schiffbau; Vortragende: Moritz Stein (DNV) und Kersten Prophet (tk MS)<\/strong><\/li>\n<\/ul>\n\n\n\n<ul class=\"wp-block-list\">\n<li>24.-28.05.2023 International Waterbike Regatta IWR<\/li>\n\n\n\n<li>05.07.2023 Sommerfest im SVK<\/li>\n\n\n\n<li>Vortragsabend im Herbst, Termin KW 38 (Ende September<\/li>\n\n\n\n<li>18.11.2023 Jahreshauptversammlung<\/li>\n<\/ul>\n\n\n\n<h3 class=\"wp-block-heading\">Bericht aus dem neuen \u201eF\u00f6rderacer Keller\u201c<\/h3>\n\n\n\n<blockquote class=\"wp-block-quote is-layout-flow wp-block-quote-is-layout-flow\">\n<p>\u201eDie interdisziplin\u00e4ren Wochen 2022 stehen beim Team F\u00f6rderacer ausnahmsweise nicht zu 100 Prozent im Fokus der Tretboote und des Segelboots aus nachhaltigen und nachwachsenden Rohstoffen.<\/p>\n\n\n\n<p>Die alte Hauptwerkstatt im Keller der Fachhochschule diente bereits vielen Mitgliedern des Teams als Arbeitsraum in Freistunden oder als Ort zur<\/p>\n\n\n\n<p>Klausurvorbereitung. Schnell war die Idee geboren, ihn ein bisschen umzubauen und in Zukunft allen Schiffbaustudierenden zur Verf\u00fcgung zu stellen. So wurden sich viele Gedanken gemacht, wie man den Raum am besten einrichtet, was gebraucht wird, um eine Umgebung f\u00fcr produktives Arbeiten zu schaffen.<\/p>\n\n\n\n<p>Anfangen mussten wir erst einmal mit aufr\u00e4umen und entr\u00fcmpeln.<\/p>\n\n\n\n<p>Vieles wurde in die aktuelle Hauptwerkstatt von F\u00f6rderacer gebracht(Strandfabrik, welche zum 31.03. ger\u00e4umt werden muss). Neuer Standort wird voraussichtlich in der Lindenau Werft sein. Und trotzdem war uns allen klar, der Keller muss trotzdem auch noch als Werkstatt f\u00fcr F\u00f6rderacer ab und zu genutzt werden k\u00f6nnen und darf kein Wohnzimmer werden. Um dem Keller trotzdem ein bisschen den Werkstattcharakter zu nehmen und damit ein bisschen Schiffbau Flair Einzug erh\u00e4lt, geh\u00f6ren Fotos, Linienrisse, Flaggen und viele andere Schiffbau bezogene Dekost\u00fccke nun zum Bild des Kellers. Das Herzst\u00fcck des Kellers ist allerdings ein gro\u00dfes von Hand gemaltes Logo der Familie Strak.&nbsp;<\/p>\n\n\n\n<p>Neben der Deko musste auch daf\u00fcr gesorgt werden, dass es ein Raum f\u00fcr produktives Arbeiten werden kann. So wurden mit zwei alten Computern der FH PC-Arbeitspl\u00e4tze geschaffen, die mit allem was man f\u00fcr den Schiffbau braucht, ausgestattet sind. Neben diesen beiden Pl\u00e4tzen stehen 5 weitere Pl\u00e4tze an einen gro\u00dfen Tisch zum Arbeiten zur Verf\u00fcgung. Des Weiteren ist mit einer Kaffeemaschine, einem Wasserkocher und einem kleinen K\u00fchlschrank f\u00fcr Kaltgetr\u00e4nke, Kaffee und Tee gesorgt. Vielen Dank an die drei Studenten, die den Raum geplant und umgebaut haben, an das Team F\u00f6rderacer, die das m\u00f6glich gemacht haben und allen die gespendet haben, um das Projekt zu finanzieren.<\/p>\n\n\n\n<p>Kommen Sie doch einfach einmal vorbei und schauen Sie sich an, was wir in einer Woche aus der Werkstatt gemacht haben. Alle Schiffbau-Studierende laden wir herzlich ein, vorbeizuschauen und den Raum so zu nutzen, wie wir uns das gedacht haben. Wir freuen uns auf euch!\u201c<\/p>\n<\/blockquote>\n\n\n\n<p>Wir freuen uns, wenn ihr die Arbeit der Strakschaft unterst\u00fctzt und den beiliegenden \u00dcberweisungsschein ausgef\u00fcllt bei eurer Bank des Vertrauens abgebt. Nat\u00fcrlich k\u00f6nnen wir Dank unserer Allgemeinn\u00fctzigkeit auf euren Wunsch hin gerne Spendenbescheinigungen ausstellen (das tun wir \u00fcblicherweise ab 50\u20ac aufw\u00e4rts).&nbsp;<\/p>\n\n\n\n<p>&#8220;Gut Strak&#8221; w\u00fcnscht euch der Vorstand<\/p>\n\n\n\n<figure class=\"wp-block-image size-full\"><img loading=\"lazy\" decoding=\"async\" width=\"978\" height=\"347\" src=\"https:\/\/www.strak-kiel.de\/wp-content\/uploads\/2023\/03\/image.png\" alt=\"\" class=\"wp-image-615\" srcset=\"https:\/\/www.strak-kiel.de\/wp-content\/uploads\/2023\/03\/image.png 978w, https:\/\/www.strak-kiel.de\/wp-content\/uploads\/2023\/03\/image-300x106.png 300w, https:\/\/www.strak-kiel.de\/wp-content\/uploads\/2023\/03\/image-768x272.png 768w\" sizes=\"auto, (max-width: 978px) 100vw, 978px\" \/><\/figure>\n","protected":false},"excerpt":{"rendered":"<p>Moin Strakerinnen und Straker, wir hoffen, ihr seid alle gut in das Jahr 2023 gestartet. Das Jahr 2023 ist f\u00fcr uns nicht nur das Jahr, in dem wir stolz auf unsere 120-j\u00e4hrige Geschichte zur\u00fcckblicken k\u00f6nnen, sondern auch auf ein Gro\u00dfevent, was zuletzt 1982 in Kiel stattgefunden hat: Die XLII. Internationale [&hellip;]<\/p>\n","protected":false},"author":1,"featured_media":147,"comment_status":"open","ping_status":"open","sticky":true,"template":"","format":"standard","meta":{"footnotes":""},"categories":[4],"tags":[],"class_list":["post-614","post","type-post","status-publish","format-standard","has-post-thumbnail","hentry","category-strakmitteilung"],"_links":{"self":[{"href":"https:\/\/www.strak-kiel.de\/index.php?rest_route=\/wp\/v2\/posts\/614","targetHints":{"allow":["GET"]}}],"collection":[{"href":"https:\/\/www.strak-kiel.de\/index.php?rest_route=\/wp\/v2\/posts"}],"about":[{"href":"https:\/\/www.strak-kiel.de\/index.php?rest_route=\/wp\/v2\/types\/post"}],"author":[{"embeddable":true,"href":"https:\/\/www.strak-kiel.de\/index.php?rest_route=\/wp\/v2\/users\/1"}],"replies":[{"embeddable":true,"href":"https:\/\/www.strak-kiel.de\/index.php?rest_route=%2Fwp%2Fv2%2Fcomments&post=614"}],"version-history":[{"count":1,"href":"https:\/\/www.strak-kiel.de\/index.php?rest_route=\/wp\/v2\/posts\/614\/revisions"}],"predecessor-version":[{"id":616,"href":"https:\/\/www.strak-kiel.de\/index.php?rest_route=\/wp\/v2\/posts\/614\/revisions\/616"}],"wp:featuredmedia":[{"embeddable":true,"href":"https:\/\/www.strak-kiel.de\/index.php?rest_route=\/wp\/v2\/media\/147"}],"wp:attachment":[{"href":"https:\/\/www.strak-kiel.de\/index.php?rest_route=%2Fwp%2Fv2%2Fmedia&parent=614"}],"wp:term":[{"taxonomy":"category","embeddable":true,"href":"https:\/\/www.strak-kiel.de\/index.php?rest_route=%2Fwp%2Fv2%2Fcategories&post=614"},{"taxonomy":"post_tag","embeddable":true,"href":"https:\/\/www.strak-kiel.de\/index.php?rest_route=%2Fwp%2Fv2%2Ftags&post=614"}],"curies":[{"name":"wp","href":"https:\/\/api.w.org\/{rel}","templated":true}]}}