{"id":724,"date":"2024-11-22T14:39:01","date_gmt":"2024-11-22T14:39:01","guid":{"rendered":"https:\/\/www.strak-kiel.de\/?p=724"},"modified":"2024-12-11T07:45:12","modified_gmt":"2024-12-11T07:45:12","slug":"strakmitteilung-02-2024","status":"publish","type":"post","link":"https:\/\/www.strak-kiel.de\/?p=724","title":{"rendered":"Strakmitteilung 02-2024"},"content":{"rendered":"<div class=\"wp-block-image\">\n<figure class=\"alignleft size-thumbnail\"><img loading=\"lazy\" decoding=\"async\" width=\"150\" height=\"150\" src=\"https:\/\/www.strak-kiel.de\/wp-content\/uploads\/2017\/05\/Strakwappen_kl-150x150.jpg\" alt=\"\" class=\"wp-image-147\"\/><\/figure>\n<\/div>\n\n\n<p>Liebe Mitglieder der Familie Strak,<\/p>\n\n\n\n<p>mit gro\u00dfer Freude und voller Stolz darf ich euch nach meiner Wahl auf der Jahreshauptversammlung als euer neuer Strakvater zusammen mit dem 2. studentischen Vertreter Fabian Klischat begr\u00fc\u00dfen. <br>An dieser Stelle noch einmal herzlichen Dank an Thorsten K\u00e4rcher f\u00fcr die vielen Jahre als Strakvater. Du hast einen tollen Job gemacht.<\/p>\n\n\n\n<p>Mit dieser Mitteilung m\u00f6chte ich nicht nur \u00fcber die aktuellen Ereignisse in unserem Verein informieren, sondern auch die Gelegenheit nutzen, mich n\u00e4her vorzustellen.<\/p>\n\n\n\n<figure class=\"wp-block-gallery has-nested-images columns-default is-cropped wp-block-gallery-1 is-layout-flex wp-block-gallery-is-layout-flex\" style=\"border-style:none;border-width:0px;border-radius:0px\">\n<figure class=\"wp-block-image size-large has-custom-border is-style-default\" style=\"margin-top:var(--wp--preset--spacing--60);margin-bottom:var(--wp--preset--spacing--60)\"><img loading=\"lazy\" decoding=\"async\" width=\"1024\" height=\"785\" data-id=\"728\" src=\"https:\/\/www.strak-kiel.de\/wp-content\/uploads\/2024\/11\/Foto-16.11.24-20-32-13-1024x785.jpg\" alt=\"\" class=\"wp-image-728\" style=\"border-radius:10px\" srcset=\"https:\/\/www.strak-kiel.de\/wp-content\/uploads\/2024\/11\/Foto-16.11.24-20-32-13-1024x785.jpg 1024w, https:\/\/www.strak-kiel.de\/wp-content\/uploads\/2024\/11\/Foto-16.11.24-20-32-13-300x230.jpg 300w, https:\/\/www.strak-kiel.de\/wp-content\/uploads\/2024\/11\/Foto-16.11.24-20-32-13-768x588.jpg 768w, https:\/\/www.strak-kiel.de\/wp-content\/uploads\/2024\/11\/Foto-16.11.24-20-32-13-1536x1177.jpg 1536w, https:\/\/www.strak-kiel.de\/wp-content\/uploads\/2024\/11\/Foto-16.11.24-20-32-13-2048x1569.jpg 2048w\" sizes=\"auto, (max-width: 1024px) 100vw, 1024px\" \/><figcaption class=\"wp-element-caption\">Ehemaligen 1. Vorsitzender Thorsten K\u00e4rcher (links) und neuer 1. Vorsitzender Frederik Hlubek<\/figcaption><\/figure>\n\n\n\n<figure class=\"wp-block-image size-large has-custom-border is-style-default\" style=\"margin-top:var(--wp--preset--spacing--60);margin-right:0;margin-bottom:var(--wp--preset--spacing--60);margin-left:0\"><img loading=\"lazy\" decoding=\"async\" width=\"1024\" height=\"814\" data-id=\"731\" src=\"https:\/\/www.strak-kiel.de\/wp-content\/uploads\/2024\/11\/Bearbeitet-1024x814.jpg\" alt=\"\" class=\"wp-image-731\" style=\"border-radius:10px\" srcset=\"https:\/\/www.strak-kiel.de\/wp-content\/uploads\/2024\/11\/Bearbeitet-1024x814.jpg 1024w, https:\/\/www.strak-kiel.de\/wp-content\/uploads\/2024\/11\/Bearbeitet-300x238.jpg 300w, https:\/\/www.strak-kiel.de\/wp-content\/uploads\/2024\/11\/Bearbeitet-768x610.jpg 768w, https:\/\/www.strak-kiel.de\/wp-content\/uploads\/2024\/11\/Bearbeitet-1536x1220.jpg 1536w, https:\/\/www.strak-kiel.de\/wp-content\/uploads\/2024\/11\/Bearbeitet-2048x1627.jpg 2048w\" sizes=\"auto, (max-width: 1024px) 100vw, 1024px\" \/><figcaption class=\"wp-element-caption\">Gemeinschaftliches Essen nach der JHV<\/figcaption><\/figure>\n<\/figure>\n\n\n\n<h3 class=\"wp-block-heading\"><strong>Ein paar Worte zu mir<\/strong><\/h3>\n\n\n\n<p>Mein Name ist Frederik Hlubek, und ich bin seit vielen Jahren eng mit dem Schiffbau und der Familie Strak verbunden. Ich bin gelernter Stahlschiffbauer- und Schwei\u00dftechniker. Im Jahr 2011 begann ich mein Bacherlor Studium in Schiffbau und Maritime Technik an der FH Kiel, das ich 2016 mit dem Masterabschluss abschlie\u00dfen konnte.<\/p>\n\n\n\n<p>W\u00e4hrend und nach meiner Ausbildung sowie dem Studium habe ich lange Zeit bei der Nobiskrug Werft in Rendsburg gearbeitet.<\/p>\n\n\n\n<p>Mittlerweile bin ich beruflich in einem anderen, aber ebenso spannenden Bereich t\u00e4tig: Bei der Eviden Germany GmbH, einem IT-Unternehmen, bin ich f\u00fcr die Konstruktion, Berechnung und Entwicklung von u.a. mobilen Rechenzentren zust\u00e4ndig \u2013 sowohl f\u00fcr Anwendungen auf Schiffen als auch an Land.<\/p>\n\n\n\n<p>Ich m\u00f6chte als Strakvater nicht nur die Traditionen unseres Vereins bewahren, sondern auch neue, innovative Impulse setzen.<\/p>\n\n\n\n<h3 class=\"wp-block-heading\"><strong>Vorstellung unseres 2. studentischen Vertreters<\/strong><\/h3>\n\n\n\n<p>Moin, mein Name ist Fabian Klischat, und ich studiere derzeit im 5. Semester Schiffbau. Parallel zu meinem Studium arbeite ich als Werkstudent bei L\u00fcrssen-Kr\u00f6ger in der 3D-Integration und Konstruktion.<\/p>\n\n\n\n<h3 class=\"wp-block-heading\"><strong>Kommende Termine<\/strong><\/h3>\n\n\n\n<p>Alle Jahre wieder kommt die Schiffbau-Weihnachtsfeier die vom 3. Bachelor-Semester ausgerichtet wird.  Start ist am 13 Dezember 2024 ab 19:00 Uhr.<br><a href=\"https:\/\/www.strak-kiel.de\/?tribe_events=weihnachtsfeier-familie-strak\" data-type=\"link\" data-id=\"https:\/\/www.strak-kiel.de\/?tribe_events=weihnachtsfeier-familie-strak\">https:\/\/www.strak-kiel.de\/?tribe_events=weihnachtsfeier-familie-strak<\/a><\/p>\n\n\n\n<h3 class=\"wp-block-heading\"><strong>R\u00fcckblick auf das Vereinsjahr<\/strong><\/h3>\n\n\n\n<p>Das Jahr 2024 war ein Jahr voller Aktivit\u00e4ten und Herausforderungen. Unsere Nachwuchsarbeit zeigte sich beim Erstsemester-Event an der Schwentine von ihrer besten Seite: Beim Bau von Paddelbooten wurde deutlich, wie lebendig und einladend unsere Gemeinschaft ist. Solche Projekte sind von gro\u00dfer Bedeutung, um den Teamgeist zu st\u00e4rken und neue Mitglieder f\u00fcr unseren Verein zu gewinnen.<\/p>\n\n\n\n<p>Besonders stolz sind wir auf unser F\u00f6rderacer-Team. Es hat sich 2024 auf vielen nationalen und internationalen Veranstaltungen bew\u00e4hrt. Die Taufe der \u201eLayliner\u201c, das Highlight beim Vela Cup in Triest, und der Umzug der Werkstatt in die alte Galvanik der FH Kiel zeugen von gro\u00dfem Engagement und Kreativit\u00e4t des Teams.<\/p>\n\n\n\n<figure class=\"wp-block-gallery has-nested-images columns-default is-cropped wp-block-gallery-2 is-layout-flex wp-block-gallery-is-layout-flex\">\n<figure class=\"wp-block-image size-large\"><img loading=\"lazy\" decoding=\"async\" width=\"576\" height=\"1024\" data-id=\"745\" src=\"https:\/\/www.strak-kiel.de\/wp-content\/uploads\/2024\/11\/447080630_466001029442555_5934138295852182206_n-576x1024.jpg\" alt=\"\" class=\"wp-image-745\" srcset=\"https:\/\/www.strak-kiel.de\/wp-content\/uploads\/2024\/11\/447080630_466001029442555_5934138295852182206_n-576x1024.jpg 576w, https:\/\/www.strak-kiel.de\/wp-content\/uploads\/2024\/11\/447080630_466001029442555_5934138295852182206_n-169x300.jpg 169w, https:\/\/www.strak-kiel.de\/wp-content\/uploads\/2024\/11\/447080630_466001029442555_5934138295852182206_n-768x1365.jpg 768w, https:\/\/www.strak-kiel.de\/wp-content\/uploads\/2024\/11\/447080630_466001029442555_5934138295852182206_n-864x1536.jpg 864w, https:\/\/www.strak-kiel.de\/wp-content\/uploads\/2024\/11\/447080630_466001029442555_5934138295852182206_n-1152x2048.jpg 1152w, https:\/\/www.strak-kiel.de\/wp-content\/uploads\/2024\/11\/447080630_466001029442555_5934138295852182206_n.jpg 1170w\" sizes=\"auto, (max-width: 576px) 100vw, 576px\" \/><\/figure>\n\n\n\n<figure class=\"wp-block-image size-large is-style-default\"><img loading=\"lazy\" decoding=\"async\" width=\"819\" height=\"1024\" data-id=\"744\" src=\"https:\/\/www.strak-kiel.de\/wp-content\/uploads\/2024\/11\/461969296_1907087299771692_5810453469658944183_n-819x1024.jpg\" alt=\"\" class=\"wp-image-744\" srcset=\"https:\/\/www.strak-kiel.de\/wp-content\/uploads\/2024\/11\/461969296_1907087299771692_5810453469658944183_n-819x1024.jpg 819w, https:\/\/www.strak-kiel.de\/wp-content\/uploads\/2024\/11\/461969296_1907087299771692_5810453469658944183_n-240x300.jpg 240w, https:\/\/www.strak-kiel.de\/wp-content\/uploads\/2024\/11\/461969296_1907087299771692_5810453469658944183_n-768x960.jpg 768w, https:\/\/www.strak-kiel.de\/wp-content\/uploads\/2024\/11\/461969296_1907087299771692_5810453469658944183_n-1229x1536.jpg 1229w, https:\/\/www.strak-kiel.de\/wp-content\/uploads\/2024\/11\/461969296_1907087299771692_5810453469658944183_n.jpg 1440w\" sizes=\"auto, (max-width: 819px) 100vw, 819px\" \/><\/figure>\n<\/figure>\n\n\n\n<h3 class=\"wp-block-heading\"><strong>Herausforderungen und Ziele<\/strong><\/h3>\n\n\n\n<p>Wie bei jeder Gemeinschaft gibt es auch bei uns Herausforderungen. Die Bereinigung unserer Mitgliederliste hat gezeigt, dass wir aktuell nur noch 318 aktive Mitglieder z\u00e4hlen \u2013 eine Zahl, die wir durch gezielte Ma\u00dfnahmen und gezielte Ansprache von Ehemaligen wieder steigern m\u00f6chten, um ein gro\u00dfartiges Netzwerk f\u00fcr Freunde und Beruf aufzubauen.<\/p>\n\n\n\n<h3 class=\"wp-block-heading\"><strong>Wichtige Beschl\u00fcsse und neue Impulse<\/strong><\/h3>\n\n\n\n<p>Die Jahreshauptversammlung 2024 war nicht nur eine Gelegenheit zum Austausch, sondern brachte auch einige wegweisende Entscheidungen mit sich. Besonders hervorzuheben sind dabei die Anpassungen in der Beitragsstruktur, da die ansonsten gut funktionierenden Spenden auf einen Tiefstand gefallen sind.<\/p>\n\n\n\n<p>Um den Einstieg f\u00fcr Studierende weiterhin so einfach wie m\u00f6glich zu gestalten, bleibt der Mitgliedsbeitrag f\u00fcr sie auch in Zukunft kostenlos. Diese Entscheidung unterstreicht unser Ziel, junge Menschen fr\u00fchzeitig f\u00fcr die Familie Strak zu begeistern und ihnen den Zugang zu unserer Gemeinschaft so niedrigschwellig wie m\u00f6glich zu gestalten. F\u00fcr unsere f\u00f6rdernden Mitglieder wurde hingegen ein j\u00e4hrlicher Beitrag von 40 \u20ac festgelegt \u2013 eine geregelte und faire L\u00f6sung, die die finanzielle Basis unseres Vereins st\u00e4rkt. Sollte dieses auf Grund von Beruflichen Schwierigkeiten mal nicht m\u00f6glich sein, k\u00f6nnt ihr gerne auf den Vorstand zugehen. Wir werden dann eine L\u00f6sung fingen.<\/p>\n\n\n\n<p>Ein weiterer wichtiger Punkt war die St\u00e4rkung der Vereinsarbeit durch eine breitere Verteilung von Aufgaben. Um dies zu erreichen, haben wir drei neue Aussch\u00fcsse ins Leben gerufen:<\/p>\n\n\n\n<p><strong>Der Ausschuss f\u00fcr Nachwuchsf\u00f6rderung<\/strong>, geleitet von Lucas Hummel, wird sich darauf konzentrieren neue Mitglieder f\u00fcr den Verein zu gewinnen und zu unterst\u00fctzen.<\/p>\n\n\n\n<p><strong>Der Ausschuss f\u00fcr Strak-Abende<\/strong>, unter der Betreuung von Daniel Sergienko, wird sich um die Planung und Durchf\u00fchrung unserer geselligen und fachlichen Treffen k\u00fcmmern.<\/p>\n\n\n\n<p><strong>Der Ausschuss f\u00fcr Exkursionen<\/strong>, koordiniert von Fabian Klischat, Lior Karpol und Benjamin Blau, wird spannende Ausfl\u00fcge und Reisen f\u00fcr die Mitglieder organisieren.<\/p>\n\n\n\n<p>Diese Teams bringen nicht nur Entlastung f\u00fcr den Vorstand, sondern auch neue Dynamik und Ideen in unsere Vereinsarbeit. Mit vereinten Kr\u00e4ften wollen wir die Familie Strak noch lebendiger, abwechslungsreicher und zukunftsorientierter gestalten.<\/p>\n\n\n\n<h3 class=\"wp-block-heading\"><strong>Ein Blick nach vorn<\/strong><\/h3>\n\n\n\n<p>Die Familie Strak steht vor spannenden Jahren: Der Vela Cup 2026, den das Team F\u00f6rderacer mit unserer vollen Unterst\u00fctzung in Kiel-Schilksee ausrichten werden, ist ein Gro\u00dfereignis, das schon jetzt unsere Vorfreude weckt. Es wird eine wunderbare Gelegenheit sein, die gesamte Bandbreite unseres Vereins zu pr\u00e4sentieren \u2013 von der Nachwuchsarbeit \u00fcber die technischen Projekte bis hin zur Pflege unserer maritimen Traditionen.<\/p>\n\n\n\n<h3 class=\"wp-block-heading\"><strong>Gemeinsam in die Zukunft<\/strong><\/h3>\n\n\n\n<p>Liebe Mitglieder, ich freue mich sehr darauf, mit euch gemeinsam die Zukunft der Familie Strak zu gestalten. Als Strakvater m\u00f6chte ich nicht nur Ansprechpartner sein, sondern auch Ideen einbringen, Projekte unterst\u00fctzen und unsere Gemeinschaft weiter st\u00e4rken.<\/p>\n\n\n\n<p>Ob alt oder jung, ob aktiv im Beruf oder in den Erinnerungen an fr\u00fchere Tage verbunden \u2013 die Familie Strak lebt vom Engagement und der Leidenschaft ihrer Mitglieder. Lasst uns gemeinsam diese Werte hochhalten und unseren Verein mit Leben f\u00fcllen.<\/p>\n\n\n\n<p>Herzliche Gr\u00fc\u00dfe,<br><strong>der Vorstand der Familie Strak<\/strong><\/p>\n\n\n\n<figure class=\"wp-block-gallery has-nested-images columns-default is-cropped wp-block-gallery-3 is-layout-flex wp-block-gallery-is-layout-flex\">\n<figure class=\"wp-block-image size-large is-style-default\"><img loading=\"lazy\" decoding=\"async\" width=\"731\" height=\"1024\" data-id=\"740\" src=\"https:\/\/www.strak-kiel.de\/wp-content\/uploads\/2024\/11\/Foto-16.11.24-22-52-21-1-731x1024.jpg\" alt=\"\" class=\"wp-image-740\" srcset=\"https:\/\/www.strak-kiel.de\/wp-content\/uploads\/2024\/11\/Foto-16.11.24-22-52-21-1-731x1024.jpg 731w, https:\/\/www.strak-kiel.de\/wp-content\/uploads\/2024\/11\/Foto-16.11.24-22-52-21-1-214x300.jpg 214w, https:\/\/www.strak-kiel.de\/wp-content\/uploads\/2024\/11\/Foto-16.11.24-22-52-21-1-768x1075.jpg 768w, https:\/\/www.strak-kiel.de\/wp-content\/uploads\/2024\/11\/Foto-16.11.24-22-52-21-1-1097x1536.jpg 1097w, https:\/\/www.strak-kiel.de\/wp-content\/uploads\/2024\/11\/Foto-16.11.24-22-52-21-1-1463x2048.jpg 1463w, https:\/\/www.strak-kiel.de\/wp-content\/uploads\/2024\/11\/Foto-16.11.24-22-52-21-1-scaled.jpg 1828w\" sizes=\"auto, (max-width: 731px) 100vw, 731px\" \/><\/figure>\n\n\n\n<figure class=\"wp-block-image size-large\"><img loading=\"lazy\" decoding=\"async\" width=\"689\" height=\"1024\" data-id=\"741\" src=\"https:\/\/www.strak-kiel.de\/wp-content\/uploads\/2024\/11\/Foto-16.11.24-18-43-48-689x1024.jpg\" alt=\"\" class=\"wp-image-741\" srcset=\"https:\/\/www.strak-kiel.de\/wp-content\/uploads\/2024\/11\/Foto-16.11.24-18-43-48-689x1024.jpg 689w, https:\/\/www.strak-kiel.de\/wp-content\/uploads\/2024\/11\/Foto-16.11.24-18-43-48-202x300.jpg 202w, https:\/\/www.strak-kiel.de\/wp-content\/uploads\/2024\/11\/Foto-16.11.24-18-43-48-768x1141.jpg 768w, https:\/\/www.strak-kiel.de\/wp-content\/uploads\/2024\/11\/Foto-16.11.24-18-43-48-1034x1536.jpg 1034w, https:\/\/www.strak-kiel.de\/wp-content\/uploads\/2024\/11\/Foto-16.11.24-18-43-48-1379x2048.jpg 1379w, https:\/\/www.strak-kiel.de\/wp-content\/uploads\/2024\/11\/Foto-16.11.24-18-43-48-scaled.jpg 1723w\" sizes=\"auto, (max-width: 689px) 100vw, 689px\" \/><\/figure>\n\n\n\n<figure class=\"wp-block-image size-large\"><img loading=\"lazy\" decoding=\"async\" width=\"1024\" height=\"768\" data-id=\"742\" src=\"https:\/\/www.strak-kiel.de\/wp-content\/uploads\/2024\/11\/Foto-16.11.24-18-43-09-1024x768.jpg\" alt=\"\" class=\"wp-image-742\" srcset=\"https:\/\/www.strak-kiel.de\/wp-content\/uploads\/2024\/11\/Foto-16.11.24-18-43-09-1024x768.jpg 1024w, https:\/\/www.strak-kiel.de\/wp-content\/uploads\/2024\/11\/Foto-16.11.24-18-43-09-300x225.jpg 300w, https:\/\/www.strak-kiel.de\/wp-content\/uploads\/2024\/11\/Foto-16.11.24-18-43-09-768x576.jpg 768w, https:\/\/www.strak-kiel.de\/wp-content\/uploads\/2024\/11\/Foto-16.11.24-18-43-09-1536x1152.jpg 1536w, https:\/\/www.strak-kiel.de\/wp-content\/uploads\/2024\/11\/Foto-16.11.24-18-43-09-2048x1536.jpg 2048w\" sizes=\"auto, (max-width: 1024px) 100vw, 1024px\" \/><\/figure>\n\n\n\n<figure class=\"wp-block-image size-large\"><img loading=\"lazy\" decoding=\"async\" width=\"745\" height=\"1024\" data-id=\"739\" src=\"https:\/\/www.strak-kiel.de\/wp-content\/uploads\/2024\/11\/Foto-16.11.24-20-12-22-745x1024.jpg\" alt=\"\" class=\"wp-image-739\" srcset=\"https:\/\/www.strak-kiel.de\/wp-content\/uploads\/2024\/11\/Foto-16.11.24-20-12-22-745x1024.jpg 745w, https:\/\/www.strak-kiel.de\/wp-content\/uploads\/2024\/11\/Foto-16.11.24-20-12-22-218x300.jpg 218w, https:\/\/www.strak-kiel.de\/wp-content\/uploads\/2024\/11\/Foto-16.11.24-20-12-22-768x1056.jpg 768w, https:\/\/www.strak-kiel.de\/wp-content\/uploads\/2024\/11\/Foto-16.11.24-20-12-22-1117x1536.jpg 1117w, https:\/\/www.strak-kiel.de\/wp-content\/uploads\/2024\/11\/Foto-16.11.24-20-12-22-1490x2048.jpg 1490w, https:\/\/www.strak-kiel.de\/wp-content\/uploads\/2024\/11\/Foto-16.11.24-20-12-22-scaled.jpg 1862w\" sizes=\"auto, (max-width: 745px) 100vw, 745px\" \/><\/figure>\n\n\n\n<figure class=\"wp-block-image size-large\"><img loading=\"lazy\" decoding=\"async\" width=\"785\" height=\"1024\" data-id=\"737\" src=\"https:\/\/www.strak-kiel.de\/wp-content\/uploads\/2024\/11\/Foto-16.11.24-19-56-54-785x1024.jpg\" alt=\"\" class=\"wp-image-737\" srcset=\"https:\/\/www.strak-kiel.de\/wp-content\/uploads\/2024\/11\/Foto-16.11.24-19-56-54-785x1024.jpg 785w, https:\/\/www.strak-kiel.de\/wp-content\/uploads\/2024\/11\/Foto-16.11.24-19-56-54-230x300.jpg 230w, https:\/\/www.strak-kiel.de\/wp-content\/uploads\/2024\/11\/Foto-16.11.24-19-56-54-768x1002.jpg 768w, https:\/\/www.strak-kiel.de\/wp-content\/uploads\/2024\/11\/Foto-16.11.24-19-56-54-1178x1536.jpg 1178w, https:\/\/www.strak-kiel.de\/wp-content\/uploads\/2024\/11\/Foto-16.11.24-19-56-54-1570x2048.jpg 1570w, https:\/\/www.strak-kiel.de\/wp-content\/uploads\/2024\/11\/Foto-16.11.24-19-56-54-scaled.jpg 1963w\" sizes=\"auto, (max-width: 785px) 100vw, 785px\" \/><\/figure>\n\n\n\n<figure class=\"wp-block-image size-large\"><img loading=\"lazy\" decoding=\"async\" width=\"748\" height=\"1024\" data-id=\"738\" src=\"https:\/\/www.strak-kiel.de\/wp-content\/uploads\/2024\/11\/Foto-16.11.24-20-03-20-748x1024.jpg\" alt=\"\" class=\"wp-image-738\" srcset=\"https:\/\/www.strak-kiel.de\/wp-content\/uploads\/2024\/11\/Foto-16.11.24-20-03-20-748x1024.jpg 748w, https:\/\/www.strak-kiel.de\/wp-content\/uploads\/2024\/11\/Foto-16.11.24-20-03-20-219x300.jpg 219w, https:\/\/www.strak-kiel.de\/wp-content\/uploads\/2024\/11\/Foto-16.11.24-20-03-20-768x1052.jpg 768w, https:\/\/www.strak-kiel.de\/wp-content\/uploads\/2024\/11\/Foto-16.11.24-20-03-20-1122x1536.jpg 1122w, https:\/\/www.strak-kiel.de\/wp-content\/uploads\/2024\/11\/Foto-16.11.24-20-03-20-1496x2048.jpg 1496w, https:\/\/www.strak-kiel.de\/wp-content\/uploads\/2024\/11\/Foto-16.11.24-20-03-20-scaled.jpg 1870w\" sizes=\"auto, (max-width: 748px) 100vw, 748px\" \/><\/figure>\n<\/figure>\n","protected":false},"excerpt":{"rendered":"<p>Liebe Mitglieder der Familie Strak, mit gro\u00dfer Freude und voller Stolz darf ich euch nach meiner Wahl auf der Jahreshauptversammlung als euer neuer Strakvater zusammen mit dem 2. studentischen Vertreter Fabian Klischat begr\u00fc\u00dfen. An dieser Stelle noch einmal herzlichen Dank an Thorsten K\u00e4rcher f\u00fcr die vielen Jahre als Strakvater. Du [&hellip;]<\/p>\n","protected":false},"author":1,"featured_media":147,"comment_status":"closed","ping_status":"closed","sticky":false,"template":"","format":"standard","meta":{"footnotes":""},"categories":[4],"tags":[14],"class_list":["post-724","post","type-post","status-publish","format-standard","has-post-thumbnail","hentry","category-strakmitteilung","tag-jhv"],"_links":{"self":[{"href":"https:\/\/www.strak-kiel.de\/index.php?rest_route=\/wp\/v2\/posts\/724","targetHints":{"allow":["GET"]}}],"collection":[{"href":"https:\/\/www.strak-kiel.de\/index.php?rest_route=\/wp\/v2\/posts"}],"about":[{"href":"https:\/\/www.strak-kiel.de\/index.php?rest_route=\/wp\/v2\/types\/post"}],"author":[{"embeddable":true,"href":"https:\/\/www.strak-kiel.de\/index.php?rest_route=\/wp\/v2\/users\/1"}],"replies":[{"embeddable":true,"href":"https:\/\/www.strak-kiel.de\/index.php?rest_route=%2Fwp%2Fv2%2Fcomments&post=724"}],"version-history":[{"count":10,"href":"https:\/\/www.strak-kiel.de\/index.php?rest_route=\/wp\/v2\/posts\/724\/revisions"}],"predecessor-version":[{"id":820,"href":"https:\/\/www.strak-kiel.de\/index.php?rest_route=\/wp\/v2\/posts\/724\/revisions\/820"}],"wp:featuredmedia":[{"embeddable":true,"href":"https:\/\/www.strak-kiel.de\/index.php?rest_route=\/wp\/v2\/media\/147"}],"wp:attachment":[{"href":"https:\/\/www.strak-kiel.de\/index.php?rest_route=%2Fwp%2Fv2%2Fmedia&parent=724"}],"wp:term":[{"taxonomy":"category","embeddable":true,"href":"https:\/\/www.strak-kiel.de\/index.php?rest_route=%2Fwp%2Fv2%2Fcategories&post=724"},{"taxonomy":"post_tag","embeddable":true,"href":"https:\/\/www.strak-kiel.de\/index.php?rest_route=%2Fwp%2Fv2%2Ftags&post=724"}],"curies":[{"name":"wp","href":"https:\/\/api.w.org\/{rel}","templated":true}]}}