{"id":887,"date":"2025-10-15T05:36:52","date_gmt":"2025-10-15T05:36:52","guid":{"rendered":"https:\/\/www.strak-kiel.de\/?p=887"},"modified":"2025-10-17T05:33:17","modified_gmt":"2025-10-17T05:33:17","slug":"strakmitteilung-02-2025","status":"publish","type":"post","link":"https:\/\/www.strak-kiel.de\/?p=887","title":{"rendered":"Strakmitteilung 02-2025"},"content":{"rendered":"<div class=\"wp-block-image\">\n<figure class=\"aligncenter size-full is-resized\"><img loading=\"lazy\" decoding=\"async\" width=\"605\" height=\"738\" src=\"https:\/\/www.strak-kiel.de\/wp-content\/uploads\/2017\/05\/Strakwappen_kl.jpg\" alt=\"\" class=\"wp-image-147\" style=\"width:275px;height:auto\" srcset=\"https:\/\/www.strak-kiel.de\/wp-content\/uploads\/2017\/05\/Strakwappen_kl.jpg 605w, https:\/\/www.strak-kiel.de\/wp-content\/uploads\/2017\/05\/Strakwappen_kl-246x300.jpg 246w\" sizes=\"auto, (max-width: 605px) 100vw, 605px\" \/><\/figure>\n<\/div>\n\n\n<p><strong>Liebe Mitglieder der Familie Strak,<\/strong><\/p>\n\n\n\n<p>mit dieser Mitteilung m\u00f6chten wir euch \u00fcber aktuelle Neuerungen und anstehende Termine unseres Vereins informieren.<\/p>\n\n\n\n<h3 class=\"wp-block-heading\">Werdet Mitglied bei der Fam. Strak<\/h3>\n\n\n\n<p>Um Mitglied der <strong>Familie Strak<\/strong> zu werden, <a href=\"https:\/\/www.strak-kiel.de\/wp-admin\/profile.php\" target=\"_blank\" rel=\"noreferrer noopener\">meldet euch bitte auf unserer <strong>Webseite<\/strong> <\/a>an und schreibt euch \u00fcber folgenden Link ein:<br><a href=\"https:\/\/www.strak-kiel.de\/?page_id=697\" target=\"_blank\" rel=\"noreferrer noopener\">https:\/\/www.strak-kiel.de\/?page_id=697<\/a><\/p>\n\n\n\n<p>Eure Daten k\u00f6nnt ihr jederzeit aktualisieren, falls sich etwas bei euch \u00e4ndert.<\/p>\n\n\n\n<p><strong>Gut Strak \u2013 wir freuen uns auf euch!<\/strong><\/p>\n\n\n\n<h3 class=\"wp-block-heading\">Begr\u00fc\u00dfung des neuen Erstsemesters<\/h3>\n\n\n\n<p>Auch in diesem Jahr d\u00fcrfen wir wieder neue Erstsemester im Schiffbau an der FH Kiel begr\u00fc\u00dfen. Wie in jedem Jahr m\u00f6chten wir den Studienstart mit einer besonderen Aktion begleiten, die nicht nur den Teamgeist st\u00e4rkt, sondern auch den Spa\u00df am praktischen Arbeiten weckt: Gemeinsam mit den neuen Studierenden bauen wirkleine Boote aus Holz und Planen, die anschlie\u00dfend bei einem spa\u00dfigen Wettfahren zu Wasser gelassen werden.<br><\/p>\n\n\n\n<p>Diese Begr\u00fc\u00dfungsaktion ist mittlerweile eine feste Tradition und bietet den neuen Schiffbauerinnen und Schiffbauern die M\u00f6glichkeit, sich kennenzulernen, erste Erfahrungen im praktischen Arbeiten zu sammeln und direkt in den Geist der Familie Strak einzutauchen \u2013 Gemeinschaft, Kreativit\u00e4t und eine gute Portion maritimes Improvisationstalent inklusive!<\/p>\n\n\n\n<p>Wir w\u00fcnschen euch viel Erfolg!<\/p>\n\n\n\n<figure class=\"wp-block-image size-full\"><img loading=\"lazy\" decoding=\"async\" width=\"1008\" height=\"567\" src=\"https:\/\/www.strak-kiel.de\/wp-content\/uploads\/2025\/10\/6.jpg\" alt=\"\" class=\"wp-image-876\" srcset=\"https:\/\/www.strak-kiel.de\/wp-content\/uploads\/2025\/10\/6.jpg 1008w, https:\/\/www.strak-kiel.de\/wp-content\/uploads\/2025\/10\/6-300x169.jpg 300w, https:\/\/www.strak-kiel.de\/wp-content\/uploads\/2025\/10\/6-768x432.jpg 768w\" sizes=\"auto, (max-width: 1008px) 100vw, 1008px\" \/><\/figure>\n\n\n\n<h3 class=\"wp-block-heading\">Neuer Onlineshop<\/h3>\n\n\n\n<p>Gute Nachrichten gibt es aber auch: Unser neuer Onlineshop ist ab sofort verf\u00fcgbar! Dort findet ihr unter anderem die beliebten Schiffbau-Pullover und weitere Vereinsartikel. Den Shop erreicht ihr \u00fcber unsere Vereinswebsite.<br><a href=\"https:\/\/strak-kiel.myspreadshop.de\/all\" data-type=\"page\" data-id=\"888\">https:\/\/strak-kiel.myspreadshop.de\/all<\/a><\/p>\n\n\n\n<h3 class=\"wp-block-heading\">Unterst\u00fctzung der Studenten durch uns Alumnis<\/h3>\n\n\n\n<figure class=\"wp-block-image size-large\"><img loading=\"lazy\" decoding=\"async\" width=\"1024\" height=\"682\" src=\"https:\/\/www.strak-kiel.de\/wp-content\/uploads\/2025\/10\/7-1024x682.jpg\" alt=\"\" class=\"wp-image-883\" srcset=\"https:\/\/www.strak-kiel.de\/wp-content\/uploads\/2025\/10\/7-1024x682.jpg 1024w, https:\/\/www.strak-kiel.de\/wp-content\/uploads\/2025\/10\/7-300x200.jpg 300w, https:\/\/www.strak-kiel.de\/wp-content\/uploads\/2025\/10\/7-768x512.jpg 768w, https:\/\/www.strak-kiel.de\/wp-content\/uploads\/2025\/10\/7-1536x1023.jpg 1536w, https:\/\/www.strak-kiel.de\/wp-content\/uploads\/2025\/10\/7-360x240.jpg 360w, https:\/\/www.strak-kiel.de\/wp-content\/uploads\/2025\/10\/7-1320x879.jpg 1320w, https:\/\/www.strak-kiel.de\/wp-content\/uploads\/2025\/10\/7.jpg 1600w\" sizes=\"auto, (max-width: 1024px) 100vw, 1024px\" \/><\/figure>\n\n\n\n<p>Besonders stolz sind wir auf unser&nbsp;<strong>F\u00f6rderacer-Team<\/strong>, das sich seit vielen Jahren auf zahlreichen nationalen und internationalen Veranstaltungen erfolgreich pr\u00e4sentiert hat. Die&nbsp;<strong>Taufe der \u201eLayliner\u201c<\/strong>, das Highlight beim <strong>Vela Cup in Triest<\/strong>, sowie der <strong>Umzug der Werkstatt in die alte Galvanik der FH Kiel<\/strong> zeigen eindrucksvoll, mit wie viel Engagement, Kreativit\u00e4t und Leidenschaft unsere Studierenden und Nachwuchsingenieure ihre Projekte vorantreiben.<\/p>\n\n\n\n<p>Als \u00e4lteste Alumnivereinigung der Fachhochschule Kiel \u2013 gegr\u00fcndet bereits 1903 \u2013 versteht sich die <strong>Familie Strak<\/strong> als starkes Netzwerk und F\u00f6rderverein, der die Verbindung zwischen den Generationen von Schiffbauern lebendig h\u00e4lt. Seit jeher f\u00f6rdern wir das Studium und das studentische Leben durch finanzielle Unterst\u00fctzung dort, wo \u00f6ffentliche Mittel nicht ausreichen \u2013 ganz im Sinne unseres Gr\u00fcndungsgedankens, <strong>den Nachwuchs zu f\u00f6rdern und praktische Bildung zu st\u00e4rken<\/strong>.<\/p>\n\n\n\n<p>Um diese Tradition fortzuf\u00fchren und Projekte wie die \u201ef\u00f6rderacer\u201c auch k\u00fcnftig zu erm\u00f6glichen, sind wir auf die Unterst\u00fctzung unserer Mitglieder und Alumni angewiesen. Jede Spende \u2013 ob gro\u00df oder klein \u2013 hilft, Materialien, Werkzeuge und die Teilnahme an Wettbewerben zu finanzieren.<\/p>\n\n\n<div class=\"wp-block-image\">\n<figure class=\"aligncenter size-full is-resized\"><img loading=\"lazy\" decoding=\"async\" width=\"705\" height=\"693\" src=\"https:\/\/www.strak-kiel.de\/wp-content\/uploads\/2025\/10\/QR-Code_GLS_Spenden_02.png\" alt=\"\" class=\"wp-image-882\" style=\"width:228px;height:auto\" srcset=\"https:\/\/www.strak-kiel.de\/wp-content\/uploads\/2025\/10\/QR-Code_GLS_Spenden_02.png 705w, https:\/\/www.strak-kiel.de\/wp-content\/uploads\/2025\/10\/QR-Code_GLS_Spenden_02-300x295.png 300w\" sizes=\"auto, (max-width: 705px) 100vw, 705px\" \/><\/figure>\n<\/div>\n\n\n<p class=\"has-text-align-center\"><strong>Familie Strak<\/strong><br><strong>GLS-Bank<\/strong><br><strong>IBAN: DE95 4306 0967 1343 8503 00<\/strong><br><strong>BIC: GENODEM1GLS<\/strong><\/p>\n\n\n\n<p>Zeigen wir gemeinsam, dass der&nbsp;<strong>Schiffbaugeist der FH Kiel<\/strong> \u00fcber Generationen hinweg tr\u00e4gt \u2013 und dass unsere jungen Mitglieder auf eine starke Gemeinschaft bauen k\u00f6nnen!<\/p>\n\n\n\n<h3 class=\"wp-block-heading\">Spannender Strakabend<\/h3>\n\n\n\n<p>F\u00fcr die zweite Jahresh\u00e4lfte erwarten euch au\u00dferdem wieder spannende Strakabende \u2013 die genauen Termine geben wir bekannt, sobald die Planung abgeschlossen ist. Dar\u00fcber hinaus arbeiten wir derzeit an einer gr\u00f6\u00dferen Exkursion nach Bremen gegen Jahresende. Weitere Informationen dazu erhaltet ihr, sobald die Details feststehen.<\/p>\n\n\n\n<h3 class=\"wp-block-heading\">Jahreshautpversamlung und Weihnachtsfeier<\/h3>\n\n\n\n<p>Auch die Termine zum Jahresende stehen bereits fest: Am <strong>29.11.2025<\/strong> findet unsere <strong>Mitgliederversammlung<\/strong> mit dem traditionellen <strong>Gr\u00fcnkohlessen<\/strong> statt (Ort wird noch bekannt gegeben).<\/p>\n\n\n\n<p>Unsere <strong>Schiffbau-Weihnachtsfeier<\/strong> steigt am <strong>12.12.2025<\/strong> bei der<\/p>\n\n\n\n<p><strong>Freien Turnerschaft Vorw\u00e4rts<\/strong> in<strong> Johann-Meyer-Stra\u00dfe 19, 24114 Kiel<\/strong> statt<\/p>\n\n\n\n<h3 class=\"wp-block-heading\">Schlusswort<\/h3>\n\n\n\n<p>Der Schiffbau an der FH Kiel ist mehr als nur ein Studiengang \u2013 er ist eine Gemeinschaft, die Generationen verbindet. Ob auf dem Wasser, in der Werkstatt, beim Straken auf dem Strakboden oder im H\u00f6rsaal: Unsere Leidenschaft f\u00fcr Technik, Teamgeist und die See bleibt der gemeinsame Kurs, der uns alle eint.<\/p>\n\n\n\n<p>Lasst uns gemeinsam daf\u00fcr sorgen, dass dieser Geist weiterlebt \u2013 durch Engagement, Zusammenhalt und die F\u00f6rderung unserer jungen Schiffbauerinnen und Schiffbauer. <strong>Denn sie sind es, die den Kurs f\u00fcr die Zukunft setzen.<\/strong><\/p>\n\n\n\n<p>In diesem Sinne: Auf eine starke Familie Strak, auf die FH Kiel \u2013 und auf viele weitere Jahre voller Ideen, Projekte und maritimer Freundschaft!<\/p>\n\n\n\n<p>Herzliche Gr\u00fc\u00dfe,<br><strong>der Vorstand der Familie Strak<\/strong><\/p>\n\n\n\n<p>1. Vorsitzender als Strakvater: Frederik Hlubek<br>2. Vorsitzender als Studentischer Vertreter: Fabian Klischat<br>Kassenwart: Kersten Prophet<br>Schriftwart: Lasse Voi\u00df<\/p>\n\n\n\n<figure class=\"wp-block-gallery has-nested-images columns-default is-cropped wp-block-gallery-1 is-layout-flex wp-block-gallery-is-layout-flex\">\n<figure class=\"wp-block-image size-large\"><img loading=\"lazy\" decoding=\"async\" width=\"1024\" height=\"754\" data-id=\"884\" src=\"https:\/\/www.strak-kiel.de\/wp-content\/uploads\/2025\/10\/8-e1760505951977-1024x754.jpg\" alt=\"\" class=\"wp-image-884\" srcset=\"https:\/\/www.strak-kiel.de\/wp-content\/uploads\/2025\/10\/8-e1760505951977-1024x754.jpg 1024w, https:\/\/www.strak-kiel.de\/wp-content\/uploads\/2025\/10\/8-e1760505951977-300x221.jpg 300w, https:\/\/www.strak-kiel.de\/wp-content\/uploads\/2025\/10\/8-e1760505951977-768x566.jpg 768w, https:\/\/www.strak-kiel.de\/wp-content\/uploads\/2025\/10\/8-e1760505951977.jpg 1195w\" sizes=\"auto, (max-width: 1024px) 100vw, 1024px\" \/><\/figure>\n\n\n\n<figure class=\"wp-block-image size-large\"><img loading=\"lazy\" decoding=\"async\" width=\"1024\" height=\"657\" data-id=\"885\" src=\"https:\/\/www.strak-kiel.de\/wp-content\/uploads\/2025\/10\/9-e1760505998763-1024x657.jpg\" alt=\"\" class=\"wp-image-885\" srcset=\"https:\/\/www.strak-kiel.de\/wp-content\/uploads\/2025\/10\/9-e1760505998763-1024x657.jpg 1024w, https:\/\/www.strak-kiel.de\/wp-content\/uploads\/2025\/10\/9-e1760505998763-300x192.jpg 300w, https:\/\/www.strak-kiel.de\/wp-content\/uploads\/2025\/10\/9-e1760505998763-768x493.jpg 768w, https:\/\/www.strak-kiel.de\/wp-content\/uploads\/2025\/10\/9-e1760505998763.jpg 1197w\" sizes=\"auto, (max-width: 1024px) 100vw, 1024px\" \/><\/figure>\n<\/figure>\n","protected":false},"excerpt":{"rendered":"<p>Liebe Mitglieder der Familie Strak, mit dieser Mitteilung m\u00f6chten wir euch \u00fcber aktuelle Neuerungen und anstehende Termine unseres Vereins informieren. Werdet Mitglied bei der Fam. Strak Um Mitglied der Familie Strak zu werden, meldet euch bitte auf unserer Webseite an und schreibt euch \u00fcber folgenden Link ein:https:\/\/www.strak-kiel.de\/?page_id=697 Eure Daten k\u00f6nnt [&hellip;]<\/p>\n","protected":false},"author":1,"featured_media":147,"comment_status":"closed","ping_status":"open","sticky":false,"template":"","format":"standard","meta":{"footnotes":""},"categories":[4],"tags":[],"class_list":["post-887","post","type-post","status-publish","format-standard","has-post-thumbnail","hentry","category-strakmitteilung"],"_links":{"self":[{"href":"https:\/\/www.strak-kiel.de\/index.php?rest_route=\/wp\/v2\/posts\/887","targetHints":{"allow":["GET"]}}],"collection":[{"href":"https:\/\/www.strak-kiel.de\/index.php?rest_route=\/wp\/v2\/posts"}],"about":[{"href":"https:\/\/www.strak-kiel.de\/index.php?rest_route=\/wp\/v2\/types\/post"}],"author":[{"embeddable":true,"href":"https:\/\/www.strak-kiel.de\/index.php?rest_route=\/wp\/v2\/users\/1"}],"replies":[{"embeddable":true,"href":"https:\/\/www.strak-kiel.de\/index.php?rest_route=%2Fwp%2Fv2%2Fcomments&post=887"}],"version-history":[{"count":1,"href":"https:\/\/www.strak-kiel.de\/index.php?rest_route=\/wp\/v2\/posts\/887\/revisions"}],"predecessor-version":[{"id":889,"href":"https:\/\/www.strak-kiel.de\/index.php?rest_route=\/wp\/v2\/posts\/887\/revisions\/889"}],"wp:featuredmedia":[{"embeddable":true,"href":"https:\/\/www.strak-kiel.de\/index.php?rest_route=\/wp\/v2\/media\/147"}],"wp:attachment":[{"href":"https:\/\/www.strak-kiel.de\/index.php?rest_route=%2Fwp%2Fv2%2Fmedia&parent=887"}],"wp:term":[{"taxonomy":"category","embeddable":true,"href":"https:\/\/www.strak-kiel.de\/index.php?rest_route=%2Fwp%2Fv2%2Fcategories&post=887"},{"taxonomy":"post_tag","embeddable":true,"href":"https:\/\/www.strak-kiel.de\/index.php?rest_route=%2Fwp%2Fv2%2Ftags&post=887"}],"curies":[{"name":"wp","href":"https:\/\/api.w.org\/{rel}","templated":true}]}}