{"id":898,"date":"2025-11-06T18:18:02","date_gmt":"2025-11-06T18:18:02","guid":{"rendered":"https:\/\/www.strak-kiel.de\/?p=898"},"modified":"2025-11-06T18:18:03","modified_gmt":"2025-11-06T18:18:03","slug":"einladung-zur-jahreshauptversammlung-2025","status":"publish","type":"post","link":"https:\/\/www.strak-kiel.de\/?p=898","title":{"rendered":"Einladung zur Jahreshauptversammlung 2025"},"content":{"rendered":"\n<p><strong>Liebe Mitglieder der Familie Strak,<\/strong><\/p>\n\n\n\n<p>wir laden euch herzlich zur diesj\u00e4hrigen Jahreshauptversammlung der Familie Strak n.e.V am<br><strong>Sonntag, den 30.11.2025, um 18:00 Uhr<\/strong><br>im Vereinsheim der Segler-Vereinigung Kiel e.V., Kiellinie 215, 24106 Kiel<br>ein.<\/p>\n\n\n\n<h2 class=\"wp-block-heading\">Tagesordnung<\/h2>\n\n\n\n<ol class=\"wp-block-list\">\n<li>Bericht des Vorstandes<\/li>\n\n\n\n<li>Bericht des Kassenwartes und der Revisoren<\/li>\n\n\n\n<li>Verschiedenes<\/li>\n\n\n\n<li>Vorstandswahlen<ol><li>Wahl des Strakvaters\/ der Strakmutter (1. Vorsitz)<\/li><\/ol><ol><li>Wahl des Studentischen Vertreters (2. Vorsitz)<\/li><\/ol><ol><li>Wahl des Kassenwartes<\/li><\/ol><ol><li>Wahl des FR Kassenwartes<\/li><\/ol><ol><li>Wahl des Schriftwartes<\/li><\/ol>\n<ol class=\"wp-block-list\">\n<li>Wahl der Revisoren<\/li>\n<\/ol>\n<\/li>\n<\/ol>\n\n\n\n<h2 class=\"wp-block-heading\">Gr\u00fcnkohl satt<\/h2>\n\n\n\n<p>Im Anschluss an den offiziellen Teil erwartet euch wie jedes Jahr unser traditionelles Gr\u00fcnkohlessen satt.<\/p>\n\n\n\n<p>Der Start des Gr\u00fcnkohlessen f\u00fcr 24,5\u20ac ist um19:30 Uhr. Der Eigenanteil der Studenten bel\u00e4uft sich auf 15\u20ac plus ein Freigetr\u00e4nk.<br><br>F\u00fcr das Gr\u00fcnkohlessen bitten wir um<strong> R\u00fcckmeldung bis zum 25.11.25<\/strong> unter<strong><a href=\"mailto:info@strak-kiel.de\">info@strak-kiel.de<\/a><\/strong>oder unter <strong>0160 15 23 228<\/strong> (Frederik Hlubek) oder <strong>0431 564557 <\/strong>(Kersten Prophet).<br>Bei der Anmeldung bitte die Personenzahl angeben. Sollte eine vegetarische Alternative gew\u00fcnscht werden, dies bitte ebenfalls angeben.<\/p>\n\n\n\n<p>Wir freuen uns auf ein zahlreiches Wiedersehen, gute Gespr\u00e4che und einen gem\u00fctlichen Abend miteinander!<\/p>\n\n\n\n<p>Herzliche Gr\u00fc\u00dfe,<br><strong>der Vorstand der Familie Strak<\/strong><\/p>\n\n\n\n<p>1. Vorsitzender als Strakvater: Frederik Hlubek<br>2. Vorsitzender als Studentischer Vertreter: Fabian Klischat<br>Kassenwart: Kersten Prophet<br>Schriftwart: Lasse Voi\u00df<\/p>\n\n\n<div class=\"wp-block-image\">\n<figure class=\"aligncenter size-full is-resized\"><img loading=\"lazy\" decoding=\"async\" width=\"705\" height=\"693\" src=\"https:\/\/www.strak-kiel.de\/wp-content\/uploads\/2025\/10\/QR-Code_GLS_Spenden_02.png\" alt=\"\" class=\"wp-image-882\" style=\"width:200px\" srcset=\"https:\/\/www.strak-kiel.de\/wp-content\/uploads\/2025\/10\/QR-Code_GLS_Spenden_02.png 705w, https:\/\/www.strak-kiel.de\/wp-content\/uploads\/2025\/10\/QR-Code_GLS_Spenden_02-300x295.png 300w\" sizes=\"auto, (max-width: 705px) 100vw, 705px\" \/><\/figure>\n<\/div>\n\n\n<p class=\"has-text-align-center\"><strong>Familie Strak<br>GLS-Bank<br>IBAN: DE39 4306 0967 1275 8610 01<br>BIC: GENODEM1GLS<\/strong><\/p>\n\n\n\n<p><\/p>\n","protected":false},"excerpt":{"rendered":"<p>Liebe Mitglieder der Familie Strak, wir laden euch herzlich zur diesj\u00e4hrigen Jahreshauptversammlung der Familie Strak n.e.V amSonntag, den 30.11.2025, um 18:00 Uhrim Vereinsheim der Segler-Vereinigung Kiel e.V., Kiellinie 215, 24106 Kielein. Tagesordnung Gr\u00fcnkohl satt Im Anschluss an den offiziellen Teil erwartet euch wie jedes Jahr unser traditionelles Gr\u00fcnkohlessen satt. Der [&hellip;]<\/p>\n","protected":false},"author":1,"featured_media":147,"comment_status":"closed","ping_status":"open","sticky":false,"template":"","format":"standard","meta":{"footnotes":""},"categories":[4],"tags":[],"class_list":["post-898","post","type-post","status-publish","format-standard","has-post-thumbnail","hentry","category-strakmitteilung"],"_links":{"self":[{"href":"https:\/\/www.strak-kiel.de\/index.php?rest_route=\/wp\/v2\/posts\/898","targetHints":{"allow":["GET"]}}],"collection":[{"href":"https:\/\/www.strak-kiel.de\/index.php?rest_route=\/wp\/v2\/posts"}],"about":[{"href":"https:\/\/www.strak-kiel.de\/index.php?rest_route=\/wp\/v2\/types\/post"}],"author":[{"embeddable":true,"href":"https:\/\/www.strak-kiel.de\/index.php?rest_route=\/wp\/v2\/users\/1"}],"replies":[{"embeddable":true,"href":"https:\/\/www.strak-kiel.de\/index.php?rest_route=%2Fwp%2Fv2%2Fcomments&post=898"}],"version-history":[{"count":1,"href":"https:\/\/www.strak-kiel.de\/index.php?rest_route=\/wp\/v2\/posts\/898\/revisions"}],"predecessor-version":[{"id":899,"href":"https:\/\/www.strak-kiel.de\/index.php?rest_route=\/wp\/v2\/posts\/898\/revisions\/899"}],"wp:featuredmedia":[{"embeddable":true,"href":"https:\/\/www.strak-kiel.de\/index.php?rest_route=\/wp\/v2\/media\/147"}],"wp:attachment":[{"href":"https:\/\/www.strak-kiel.de\/index.php?rest_route=%2Fwp%2Fv2%2Fmedia&parent=898"}],"wp:term":[{"taxonomy":"category","embeddable":true,"href":"https:\/\/www.strak-kiel.de\/index.php?rest_route=%2Fwp%2Fv2%2Fcategories&post=898"},{"taxonomy":"post_tag","embeddable":true,"href":"https:\/\/www.strak-kiel.de\/index.php?rest_route=%2Fwp%2Fv2%2Ftags&post=898"}],"curies":[{"name":"wp","href":"https:\/\/api.w.org\/{rel}","templated":true}]}}